{"id":1768,"date":"2022-06-01T20:11:32","date_gmt":"2022-06-01T23:11:32","guid":{"rendered":"https:\/\/mateamos.eu\/lhistoire-de-notre-emballage\/"},"modified":"2022-06-01T20:11:32","modified_gmt":"2022-06-01T23:11:32","slug":"lhistoire-de-notre-emballage","status":"publish","type":"post","link":"https:\/\/mateamos.eu\/fr\/lhistoire-de-notre-emballage\/","title":{"rendered":"L&rsquo;histoire de notre emballage"},"content":{"rendered":"\n[et_pb_section fb_built=\u00a0\u00bb1&Prime; _builder_version=\u00a0\u00bb4.16.0&Prime; _module_preset=\u00a0\u00bbdefault\u00a0\u00bb custom_padding=\u00a0\u00bb2%||110px||false|false\u00a0\u00bb hover_enabled=\u00a0\u00bb0&Prime; global_colors_info=\u00a0\u00bb{}\u00a0\u00bb sticky_enabled=\u00a0\u00bb0&Prime; locked=\u00a0\u00bboff\u00a0\u00bb theme_builder_area=\u00a0\u00bbpost_content\u00a0\u00bb][et_pb_row _builder_version=\u00a0\u00bb4.16&Prime; _module_preset=\u00a0\u00bbdefault\u00a0\u00bb global_colors_info=\u00a0\u00bb{}\u00a0\u00bb theme_builder_area=\u00a0\u00bbpost_content\u00a0\u00bb][et_pb_column type=\u00a0\u00bb4_4&Prime; _builder_version=\u00a0\u00bb4.16&Prime; _module_preset=\u00a0\u00bbdefault\u00a0\u00bb global_colors_info=\u00a0\u00bb{}\u00a0\u00bb theme_builder_area=\u00a0\u00bbpost_content\u00a0\u00bb][et_pb_text _builder_version=\u00a0\u00bb4.16.0&Prime; _module_preset=\u00a0\u00bbdefault\u00a0\u00bb text_font=\u00a0\u00bbFutura 2||||||||\u00a0\u00bb text_text_color=\u00a0\u00bb#000000&Prime; text_font_size=\u00a0\u00bb22px\u00a0\u00bb text_line_height=\u00a0\u00bb1.4em\u00a0\u00bb header_3_font=\u00a0\u00bbNunito|700|||||||\u00a0\u00bb header_3_text_align=\u00a0\u00bbleft\u00a0\u00bb header_3_font_size=\u00a0\u00bb30px\u00a0\u00bb header_3_line_height=\u00a0\u00bb2.2em\u00a0\u00bb text_orientation=\u00a0\u00bbjustified\u00a0\u00bb custom_margin=\u00a0\u00bb-18px||||false|false\u00a0\u00bb custom_padding=\u00a0\u00bb||||false|false\u00a0\u00bb hover_enabled=\u00a0\u00bb0&Prime; global_colors_info=\u00a0\u00bb{}\u00a0\u00bb theme_builder_area=\u00a0\u00bbpost_content\u00a0\u00bb sticky_enabled=\u00a0\u00bb0&Prime;]L&#8217;emballage de notre Yerba Mate Pura est fait \u00e0 la main par notre designer Analia Alonso. Il a fallu des mois et des mois de r\u00e9flexion, d&rsquo;imagination, de cr\u00e9ation. Nous aimerions partager avec vous une histoire, source d&rsquo;inspiration de notre nouvel emballage.\r\n\r\nUne ancienne l\u00e9gende raconte que la terre et le ciel \u00e9taient deux miroirs et qu&rsquo;ils se regardaient dans les yeux.\r\n\r\nEnchant\u00e9s par leur beaut\u00e9 infinie et cette immense communion, o\u00f9 la terre m\u00e8re apportait la sagesse de la nature, la sagesse des plantes et le ciel p\u00e8re ancestral et \u00e9ternel apportait l&rsquo;immensit\u00e9 de son esprit puissant, un amour sans limites s&rsquo;est forg\u00e9.\r\n\r\nDe ces parents infinis et incommensurables est n\u00e9 un fils appel\u00e9 amour.\r\n\r\nAmour, il savait que tout lui appartenait et que personne ne pouvait \u00e9chapper \u00e0 son enchantement, aussi mauvais soit-il. Il a donc cherch\u00e9 \u00e0 se nicher dans la terre de sa m\u00e8re, ainsi que dans le ciel de son p\u00e8re. Et partout o\u00f9 il a trouv\u00e9 le bon endroit, il s&rsquo;est \u00e9panoui. Sa capacit\u00e9 \u00e0 donner \u00e9tait si immense qu&rsquo;il a donn\u00e9 des millions de bourgeons et de feuilles vertes et des millions de lumi\u00e8res et d&rsquo;\u00e2mes brillantes.\r\n\r\nAmor, satisfait de sa t\u00e2che, alla faire une sieste au bord d&rsquo;un ruisseau et quand il se r\u00e9veilla, il vit avec satisfaction sa t\u00e2che. Puis il pensa qu&rsquo;il devait rappeler \u00e0 la nature des feuilles et \u00e0 toutes les \u00e2mes leur \u00e9tat de b\u00e9atitude.\r\n\r\nIl a pris des feuilles de leurs bourgeons, une calebasse d&rsquo;un verger et s&rsquo;est dit que s&rsquo;ils partagent chaque jour une gorg\u00e9e de ma sauge, ils sauront que je prends soin d&rsquo;eux.\r\n\r\nIl a coup\u00e9 la petite gourde et, en deux passes magiques, l&rsquo;a remplie de feuilles s\u00e9ch\u00e9es de l&rsquo;automne pr\u00e9c\u00e9dent, a apport\u00e9 de l&rsquo;eau des sources chaudes de sa m\u00e8re et l&rsquo;a vers\u00e9e sur les feuilles. Puis il le sirota et v\u00e9rifia qu&rsquo;il avait tr\u00e8s bon go\u00fbt, remercia son p\u00e8re et se dit : \u00ab\u00a0cet \u00e9lixir embrassera les \u00e2mes solitaires, favorisera l&rsquo;amiti\u00e9, unira les familles, gu\u00e9rira la tristesse, clarifiera les pens\u00e9es, \u00e9veillera les id\u00e9es, favorisera les racines, renouvellera les \u00e9nergies et leur rappellera que je suis toujours dans la ronde avec eux\u00a0\u00bb.[\/et_pb_text][\/et_pb_column][\/et_pb_row][et_pb_row _builder_version=\u00a0\u00bb4.16.0&Prime; _module_preset=\u00a0\u00bbdefault\u00a0\u00bb theme_builder_area=\u00a0\u00bbpost_content\u00a0\u00bb][et_pb_column _builder_version=\u00a0\u00bb4.16.0&Prime; _module_preset=\u00a0\u00bbdefault\u00a0\u00bb type=\u00a0\u00bb4_4&Prime; theme_builder_area=\u00a0\u00bbpost_content\u00a0\u00bb][et_pb_image src=\u00a0\u00bbhttps:\/\/mateamos.eu\/wp-content\/uploads\/2022\/03\/mateamos.png\u00a0\u00bb _builder_version=\u00a0\u00bb4.16.0&Prime; _module_preset=\u00a0\u00bbdefault\u00a0\u00bb theme_builder_area=\u00a0\u00bbpost_content\u00a0\u00bb title_text=\u00a0\u00bbmateamos\u00a0\u00bb hover_enabled=\u00a0\u00bb0&Prime; sticky_enabled=\u00a0\u00bb0&Prime; width=\u00a0\u00bb40%\u00a0\u00bb max_width=\u00a0\u00bb40%\u00a0\u00bb module_alignment=\u00a0\u00bbcenter\u00a0\u00bb][\/et_pb_image][\/et_pb_column][\/et_pb_row][\/et_pb_section]\n","protected":false},"excerpt":{"rendered":"<p>L&#8217;emballage de notre Yerba Mate Pura est fait \u00e0 la main par notre designer Analia Alonso. Il a fallu des mois et des mois de r\u00e9flexion, d&rsquo;imagination, de cr\u00e9ation. Nous aimerions partager avec vous une histoire, source d&rsquo;inspiration de notre nouvel emballage. Une ancienne l\u00e9gende raconte que la terre et le ciel \u00e9taient deux miroirs [&hellip;]<\/p>\n","protected":false},"author":1,"featured_media":1497,"comment_status":"closed","ping_status":"closed","sticky":false,"template":"","format":"standard","meta":{"_acf_changed":false,"_et_pb_use_builder":"on","_et_pb_old_content":"","_et_gb_content_width":"","_joinchat":[],"footnotes":""},"categories":[65],"tags":[],"class_list":["post-1768","post","type-post","status-publish","format-standard","has-post-thumbnail","hentry","category-yerba-mate-fr"],"acf":[],"yoast_head":"<!-- This site is optimized with the Yoast SEO plugin v27.5 - https:\/\/yoast.com\/product\/yoast-seo-wordpress\/ -->\n<title>L&#039;histoire de notre emballage - Mate Amos<\/title>\n<meta name=\"robots\" content=\"index, follow, max-snippet:-1, max-image-preview:large, max-video-preview:-1\" \/>\n<link rel=\"canonical\" href=\"https:\/\/mateamos.eu\/the-story-of-our-packging\/\" \/>\n<meta property=\"og:locale\" content=\"fr_FR\" \/>\n<meta property=\"og:type\" content=\"article\" \/>\n<meta property=\"og:title\" content=\"L&#039;histoire de notre emballage - Mate Amos\" \/>\n<meta property=\"og:description\" content=\"L&#039;emballage de notre Yerba Mate Pura est fait \u00e0 la main par notre designer Analia Alonso. Il a fallu des mois et des mois de r\u00e9flexion, d&#039;imagination, de cr\u00e9ation. Nous aimerions partager avec vous une histoire, source d&#039;inspiration de notre nouvel emballage. Une ancienne l\u00e9gende raconte que la terre et le ciel \u00e9taient deux miroirs [&hellip;]\" \/>\n<meta property=\"og:url\" content=\"https:\/\/mateamos.eu\/the-story-of-our-packging\/\" \/>\n<meta property=\"og:site_name\" content=\"Mate Amos\" \/>\n<meta property=\"article:published_time\" content=\"2022-06-01T23:11:32+00:00\" \/>\n<meta property=\"og:image\" content=\"https:\/\/mateamos.eu\/wp-content\/uploads\/2022\/04\/yerbaMate.jpg\" \/>\n\t<meta property=\"og:image:width\" content=\"800\" \/>\n\t<meta property=\"og:image:height\" content=\"518\" \/>\n\t<meta property=\"og:image:type\" content=\"image\/jpeg\" \/>\n<meta name=\"author\" content=\"admin\" \/>\n<meta name=\"twitter:card\" content=\"summary_large_image\" \/>\n<meta name=\"twitter:label1\" content=\"\u00c9crit par\" \/>\n\t<meta name=\"twitter:data1\" content=\"admin\" \/>\n\t<meta name=\"twitter:label2\" content=\"Dur\u00e9e de lecture estim\u00e9e\" \/>\n\t<meta name=\"twitter:data2\" content=\"3 minutes\" \/>\n<script type=\"application\/ld+json\" class=\"yoast-schema-graph\">{\"@context\":\"https:\\\/\\\/schema.org\",\"@graph\":[{\"@type\":\"Article\",\"@id\":\"https:\\\/\\\/mateamos.eu\\\/the-story-of-our-packging\\\/#article\",\"isPartOf\":{\"@id\":\"https:\\\/\\\/mateamos.eu\\\/the-story-of-our-packging\\\/\"},\"author\":{\"name\":\"admin\",\"@id\":\"https:\\\/\\\/mateamos.eu\\\/#\\\/schema\\\/person\\\/46812982b40064be9676ca5a2e264a49\"},\"headline\":\"L&rsquo;histoire de notre emballage\",\"datePublished\":\"2022-06-01T23:11:32+00:00\",\"mainEntityOfPage\":{\"@id\":\"https:\\\/\\\/mateamos.eu\\\/the-story-of-our-packging\\\/\"},\"wordCount\":592,\"publisher\":{\"@id\":\"https:\\\/\\\/mateamos.eu\\\/#organization\"},\"image\":{\"@id\":\"https:\\\/\\\/mateamos.eu\\\/the-story-of-our-packging\\\/#primaryimage\"},\"thumbnailUrl\":\"https:\\\/\\\/mateamos.eu\\\/wp-content\\\/uploads\\\/2022\\\/04\\\/yerbaMate.jpg\",\"articleSection\":[\"Yerba Mate\"],\"inLanguage\":\"fr-FR\"},{\"@type\":\"WebPage\",\"@id\":\"https:\\\/\\\/mateamos.eu\\\/the-story-of-our-packging\\\/\",\"url\":\"https:\\\/\\\/mateamos.eu\\\/the-story-of-our-packging\\\/\",\"name\":\"L'histoire de notre emballage - Mate Amos\",\"isPartOf\":{\"@id\":\"https:\\\/\\\/mateamos.eu\\\/#website\"},\"primaryImageOfPage\":{\"@id\":\"https:\\\/\\\/mateamos.eu\\\/the-story-of-our-packging\\\/#primaryimage\"},\"image\":{\"@id\":\"https:\\\/\\\/mateamos.eu\\\/the-story-of-our-packging\\\/#primaryimage\"},\"thumbnailUrl\":\"https:\\\/\\\/mateamos.eu\\\/wp-content\\\/uploads\\\/2022\\\/04\\\/yerbaMate.jpg\",\"datePublished\":\"2022-06-01T23:11:32+00:00\",\"breadcrumb\":{\"@id\":\"https:\\\/\\\/mateamos.eu\\\/the-story-of-our-packging\\\/#breadcrumb\"},\"inLanguage\":\"fr-FR\",\"potentialAction\":[{\"@type\":\"ReadAction\",\"target\":[\"https:\\\/\\\/mateamos.eu\\\/the-story-of-our-packging\\\/\"]}]},{\"@type\":\"ImageObject\",\"inLanguage\":\"fr-FR\",\"@id\":\"https:\\\/\\\/mateamos.eu\\\/the-story-of-our-packging\\\/#primaryimage\",\"url\":\"https:\\\/\\\/mateamos.eu\\\/wp-content\\\/uploads\\\/2022\\\/04\\\/yerbaMate.jpg\",\"contentUrl\":\"https:\\\/\\\/mateamos.eu\\\/wp-content\\\/uploads\\\/2022\\\/04\\\/yerbaMate.jpg\",\"width\":800,\"height\":518},{\"@type\":\"BreadcrumbList\",\"@id\":\"https:\\\/\\\/mateamos.eu\\\/the-story-of-our-packging\\\/#breadcrumb\",\"itemListElement\":[{\"@type\":\"ListItem\",\"position\":1,\"name\":\"Portada\",\"item\":\"https:\\\/\\\/mateamos.eu\\\/fr\\\/home\\\/\"},{\"@type\":\"ListItem\",\"position\":2,\"name\":\"L&#8217;histoire de notre emballage\"}]},{\"@type\":\"WebSite\",\"@id\":\"https:\\\/\\\/mateamos.eu\\\/#website\",\"url\":\"https:\\\/\\\/mateamos.eu\\\/\",\"name\":\"Mate Amos\",\"description\":\"Yerba Mate Premium\",\"publisher\":{\"@id\":\"https:\\\/\\\/mateamos.eu\\\/#organization\"},\"potentialAction\":[{\"@type\":\"SearchAction\",\"target\":{\"@type\":\"EntryPoint\",\"urlTemplate\":\"https:\\\/\\\/mateamos.eu\\\/?s={search_term_string}\"},\"query-input\":{\"@type\":\"PropertyValueSpecification\",\"valueRequired\":true,\"valueName\":\"search_term_string\"}}],\"inLanguage\":\"fr-FR\"},{\"@type\":\"Organization\",\"@id\":\"https:\\\/\\\/mateamos.eu\\\/#organization\",\"name\":\"Cura T\u00e9 Alma\",\"url\":\"https:\\\/\\\/mateamos.eu\\\/\",\"logo\":{\"@type\":\"ImageObject\",\"inLanguage\":\"fr-FR\",\"@id\":\"https:\\\/\\\/mateamos.eu\\\/#\\\/schema\\\/logo\\\/image\\\/\",\"url\":\"https:\\\/\\\/mateamos.eu\\\/wp-content\\\/uploads\\\/2021\\\/10\\\/mateamos.png\",\"contentUrl\":\"https:\\\/\\\/mateamos.eu\\\/wp-content\\\/uploads\\\/2021\\\/10\\\/mateamos.png\",\"width\":512,\"height\":512,\"caption\":\"Cura T\u00e9 Alma\"},\"image\":{\"@id\":\"https:\\\/\\\/mateamos.eu\\\/#\\\/schema\\\/logo\\\/image\\\/\"}},{\"@type\":\"Person\",\"@id\":\"https:\\\/\\\/mateamos.eu\\\/#\\\/schema\\\/person\\\/46812982b40064be9676ca5a2e264a49\",\"name\":\"admin\",\"image\":{\"@type\":\"ImageObject\",\"inLanguage\":\"fr-FR\",\"@id\":\"https:\\\/\\\/secure.gravatar.com\\\/avatar\\\/64d9cc7863c26762033e9502c112be0c5759ef3358d1df241eb5582e08073f25?s=96&d=mm&r=g\",\"url\":\"https:\\\/\\\/secure.gravatar.com\\\/avatar\\\/64d9cc7863c26762033e9502c112be0c5759ef3358d1df241eb5582e08073f25?s=96&d=mm&r=g\",\"contentUrl\":\"https:\\\/\\\/secure.gravatar.com\\\/avatar\\\/64d9cc7863c26762033e9502c112be0c5759ef3358d1df241eb5582e08073f25?s=96&d=mm&r=g\",\"caption\":\"admin\"},\"sameAs\":[\"https:\\\/\\\/mateamos.eu\"],\"url\":\"https:\\\/\\\/mateamos.eu\\\/fr\\\/author\\\/admin\\\/\"}]}<\/script>\n<!-- \/ Yoast SEO plugin. -->","yoast_head_json":{"title":"L'histoire de notre emballage - Mate Amos","robots":{"index":"index","follow":"follow","max-snippet":"max-snippet:-1","max-image-preview":"max-image-preview:large","max-video-preview":"max-video-preview:-1"},"canonical":"https:\/\/mateamos.eu\/the-story-of-our-packging\/","og_locale":"fr_FR","og_type":"article","og_title":"L'histoire de notre emballage - Mate Amos","og_description":"L'emballage de notre Yerba Mate Pura est fait \u00e0 la main par notre designer Analia Alonso. Il a fallu des mois et des mois de r\u00e9flexion, d'imagination, de cr\u00e9ation. Nous aimerions partager avec vous une histoire, source d'inspiration de notre nouvel emballage. Une ancienne l\u00e9gende raconte que la terre et le ciel \u00e9taient deux miroirs [&hellip;]","og_url":"https:\/\/mateamos.eu\/the-story-of-our-packging\/","og_site_name":"Mate Amos","article_published_time":"2022-06-01T23:11:32+00:00","og_image":[{"width":800,"height":518,"url":"https:\/\/mateamos.eu\/wp-content\/uploads\/2022\/04\/yerbaMate.jpg","type":"image\/jpeg"}],"author":"admin","twitter_card":"summary_large_image","twitter_misc":{"\u00c9crit par":"admin","Dur\u00e9e de lecture estim\u00e9e":"3 minutes"},"schema":{"@context":"https:\/\/schema.org","@graph":[{"@type":"Article","@id":"https:\/\/mateamos.eu\/the-story-of-our-packging\/#article","isPartOf":{"@id":"https:\/\/mateamos.eu\/the-story-of-our-packging\/"},"author":{"name":"admin","@id":"https:\/\/mateamos.eu\/#\/schema\/person\/46812982b40064be9676ca5a2e264a49"},"headline":"L&rsquo;histoire de notre emballage","datePublished":"2022-06-01T23:11:32+00:00","mainEntityOfPage":{"@id":"https:\/\/mateamos.eu\/the-story-of-our-packging\/"},"wordCount":592,"publisher":{"@id":"https:\/\/mateamos.eu\/#organization"},"image":{"@id":"https:\/\/mateamos.eu\/the-story-of-our-packging\/#primaryimage"},"thumbnailUrl":"https:\/\/mateamos.eu\/wp-content\/uploads\/2022\/04\/yerbaMate.jpg","articleSection":["Yerba Mate"],"inLanguage":"fr-FR"},{"@type":"WebPage","@id":"https:\/\/mateamos.eu\/the-story-of-our-packging\/","url":"https:\/\/mateamos.eu\/the-story-of-our-packging\/","name":"L'histoire de notre emballage - Mate Amos","isPartOf":{"@id":"https:\/\/mateamos.eu\/#website"},"primaryImageOfPage":{"@id":"https:\/\/mateamos.eu\/the-story-of-our-packging\/#primaryimage"},"image":{"@id":"https:\/\/mateamos.eu\/the-story-of-our-packging\/#primaryimage"},"thumbnailUrl":"https:\/\/mateamos.eu\/wp-content\/uploads\/2022\/04\/yerbaMate.jpg","datePublished":"2022-06-01T23:11:32+00:00","breadcrumb":{"@id":"https:\/\/mateamos.eu\/the-story-of-our-packging\/#breadcrumb"},"inLanguage":"fr-FR","potentialAction":[{"@type":"ReadAction","target":["https:\/\/mateamos.eu\/the-story-of-our-packging\/"]}]},{"@type":"ImageObject","inLanguage":"fr-FR","@id":"https:\/\/mateamos.eu\/the-story-of-our-packging\/#primaryimage","url":"https:\/\/mateamos.eu\/wp-content\/uploads\/2022\/04\/yerbaMate.jpg","contentUrl":"https:\/\/mateamos.eu\/wp-content\/uploads\/2022\/04\/yerbaMate.jpg","width":800,"height":518},{"@type":"BreadcrumbList","@id":"https:\/\/mateamos.eu\/the-story-of-our-packging\/#breadcrumb","itemListElement":[{"@type":"ListItem","position":1,"name":"Portada","item":"https:\/\/mateamos.eu\/fr\/home\/"},{"@type":"ListItem","position":2,"name":"L&#8217;histoire de notre emballage"}]},{"@type":"WebSite","@id":"https:\/\/mateamos.eu\/#website","url":"https:\/\/mateamos.eu\/","name":"Mate Amos","description":"Yerba Mate Premium","publisher":{"@id":"https:\/\/mateamos.eu\/#organization"},"potentialAction":[{"@type":"SearchAction","target":{"@type":"EntryPoint","urlTemplate":"https:\/\/mateamos.eu\/?s={search_term_string}"},"query-input":{"@type":"PropertyValueSpecification","valueRequired":true,"valueName":"search_term_string"}}],"inLanguage":"fr-FR"},{"@type":"Organization","@id":"https:\/\/mateamos.eu\/#organization","name":"Cura T\u00e9 Alma","url":"https:\/\/mateamos.eu\/","logo":{"@type":"ImageObject","inLanguage":"fr-FR","@id":"https:\/\/mateamos.eu\/#\/schema\/logo\/image\/","url":"https:\/\/mateamos.eu\/wp-content\/uploads\/2021\/10\/mateamos.png","contentUrl":"https:\/\/mateamos.eu\/wp-content\/uploads\/2021\/10\/mateamos.png","width":512,"height":512,"caption":"Cura T\u00e9 Alma"},"image":{"@id":"https:\/\/mateamos.eu\/#\/schema\/logo\/image\/"}},{"@type":"Person","@id":"https:\/\/mateamos.eu\/#\/schema\/person\/46812982b40064be9676ca5a2e264a49","name":"admin","image":{"@type":"ImageObject","inLanguage":"fr-FR","@id":"https:\/\/secure.gravatar.com\/avatar\/64d9cc7863c26762033e9502c112be0c5759ef3358d1df241eb5582e08073f25?s=96&d=mm&r=g","url":"https:\/\/secure.gravatar.com\/avatar\/64d9cc7863c26762033e9502c112be0c5759ef3358d1df241eb5582e08073f25?s=96&d=mm&r=g","contentUrl":"https:\/\/secure.gravatar.com\/avatar\/64d9cc7863c26762033e9502c112be0c5759ef3358d1df241eb5582e08073f25?s=96&d=mm&r=g","caption":"admin"},"sameAs":["https:\/\/mateamos.eu"],"url":"https:\/\/mateamos.eu\/fr\/author\/admin\/"}]}},"_links":{"self":[{"href":"https:\/\/mateamos.eu\/fr\/wp-json\/wp\/v2\/posts\/1768","targetHints":{"allow":["GET"]}}],"collection":[{"href":"https:\/\/mateamos.eu\/fr\/wp-json\/wp\/v2\/posts"}],"about":[{"href":"https:\/\/mateamos.eu\/fr\/wp-json\/wp\/v2\/types\/post"}],"author":[{"embeddable":true,"href":"https:\/\/mateamos.eu\/fr\/wp-json\/wp\/v2\/users\/1"}],"replies":[{"embeddable":true,"href":"https:\/\/mateamos.eu\/fr\/wp-json\/wp\/v2\/comments?post=1768"}],"version-history":[{"count":1,"href":"https:\/\/mateamos.eu\/fr\/wp-json\/wp\/v2\/posts\/1768\/revisions"}],"predecessor-version":[{"id":1769,"href":"https:\/\/mateamos.eu\/fr\/wp-json\/wp\/v2\/posts\/1768\/revisions\/1769"}],"wp:featuredmedia":[{"embeddable":true,"href":"https:\/\/mateamos.eu\/fr\/wp-json\/wp\/v2\/media\/1497"}],"wp:attachment":[{"href":"https:\/\/mateamos.eu\/fr\/wp-json\/wp\/v2\/media?parent=1768"}],"wp:term":[{"taxonomy":"category","embeddable":true,"href":"https:\/\/mateamos.eu\/fr\/wp-json\/wp\/v2\/categories?post=1768"},{"taxonomy":"post_tag","embeddable":true,"href":"https:\/\/mateamos.eu\/fr\/wp-json\/wp\/v2\/tags?post=1768"}],"curies":[{"name":"wp","href":"https:\/\/api.w.org\/{rel}","templated":true}]}}